{"id":2539,"date":"2026-01-02T19:25:58","date_gmt":"2026-01-02T18:25:58","guid":{"rendered":"https:\/\/www.ff-rahlstedt.de\/?p=2539"},"modified":"2026-01-02T20:16:04","modified_gmt":"2026-01-02T19:16:04","slug":"unser-jahresrueckblick-2025","status":"publish","type":"post","link":"https:\/\/www.ff-rahlstedt.de\/?p=2539","title":{"rendered":"Unser Jahresr\u00fcckblick 2025"},"content":{"rendered":"\n<p><strong>Januar:<\/strong><\/p>\n\n\n\n<p>               FF: Ins neue Jahr sind wir mit 8 Eins\u00e4tzen nach 0 Uhr in der Silvesterbereitschaft gestartet.<\/p>\n\n\n\n<p><strong>Februar:<\/strong><\/p>\n\n\n\n<p>&nbsp;&nbsp;&nbsp;&nbsp;&nbsp;&nbsp;&nbsp;&nbsp;&nbsp;&nbsp;&nbsp;&nbsp;&nbsp;  JF:<strong> Jahreshauptversammlung<\/strong><\/p>\n\n\n\n<p>               FF: <strong>Einsatz 22\/23<\/strong><\/p>\n\n\n\n<p>Alarmiert waren wir zum FEUK, vor Ort wurden wir dann w\u00e4hrend der Brandbek\u00e4mpfung durch die RLST und die vor Ort anwesende POL auf ein weiteres Feuer aufmerksam gemacht. Dieses befand sich eine Stra\u00dfe weiter und konnte mit unserem LF2 direkt angefahren werden.<\/p>\n\n\n\n<figure class=\"wp-block-gallery has-nested-images columns-default is-cropped wp-block-gallery-1 is-layout-flex wp-block-gallery-is-layout-flex\">\n<figure class=\"wp-block-image size-large\"><img fetchpriority=\"high\" decoding=\"async\" width=\"1024\" height=\"576\" data-id=\"2540\" src=\"https:\/\/www.ff-rahlstedt.de\/wp-content\/uploads\/2026\/01\/02-ff-2-1024x576.jpeg\" alt=\"\" class=\"wp-image-2540\" srcset=\"https:\/\/www.ff-rahlstedt.de\/wp-content\/uploads\/2026\/01\/02-ff-2-1024x576.jpeg 1024w, https:\/\/www.ff-rahlstedt.de\/wp-content\/uploads\/2026\/01\/02-ff-2-300x169.jpeg 300w, https:\/\/www.ff-rahlstedt.de\/wp-content\/uploads\/2026\/01\/02-ff-2-768x432.jpeg 768w, https:\/\/www.ff-rahlstedt.de\/wp-content\/uploads\/2026\/01\/02-ff-2-1536x864.jpeg 1536w, https:\/\/www.ff-rahlstedt.de\/wp-content\/uploads\/2026\/01\/02-ff-2.jpeg 1600w\" sizes=\"(max-width: 1024px) 100vw, 1024px\" \/><\/figure>\n\n\n\n<figure class=\"wp-block-image size-large\"><img decoding=\"async\" width=\"1024\" height=\"768\" data-id=\"2541\" src=\"https:\/\/www.ff-rahlstedt.de\/wp-content\/uploads\/2026\/01\/02-ff-1024x768.jpeg\" alt=\"\" class=\"wp-image-2541\" srcset=\"https:\/\/www.ff-rahlstedt.de\/wp-content\/uploads\/2026\/01\/02-ff-1024x768.jpeg 1024w, https:\/\/www.ff-rahlstedt.de\/wp-content\/uploads\/2026\/01\/02-ff-300x225.jpeg 300w, https:\/\/www.ff-rahlstedt.de\/wp-content\/uploads\/2026\/01\/02-ff-768x576.jpeg 768w, https:\/\/www.ff-rahlstedt.de\/wp-content\/uploads\/2026\/01\/02-ff-1536x1152.jpeg 1536w, https:\/\/www.ff-rahlstedt.de\/wp-content\/uploads\/2026\/01\/02-ff.jpeg 2048w\" sizes=\"(max-width: 1024px) 100vw, 1024px\" \/><\/figure>\n<\/figure>\n\n\n\n<p><strong>M\u00e4rz:<\/strong><\/p>\n\n\n\n<p>&nbsp;&nbsp;&nbsp;&nbsp;&nbsp;&nbsp;&nbsp;&nbsp;&nbsp;&nbsp;&nbsp;&nbsp;&nbsp;&nbsp; JF: <strong>Rahlstedt r\u00e4umt auf<\/strong><\/p>\n\n\n\n<p>Jedes Jahr macht unsere Jugendfeuerwehr bei der Aktion \u201eRahlstedt r\u00e4umt auf\u201c mit. Dabei wird an der alten Sieker Landstra\u00dfe der M\u00fcll gesammelt, der dort achtlos weggeworfen wird.<\/p>\n\n\n<div class=\"wp-block-image\">\n<figure class=\"aligncenter size-large is-resized\"><img decoding=\"async\" width=\"1024\" height=\"768\" src=\"https:\/\/www.ff-rahlstedt.de\/wp-content\/uploads\/2026\/01\/03-jf-1024x768.jpeg\" alt=\"\" class=\"wp-image-2542\" style=\"width:383px;height:auto\" srcset=\"https:\/\/www.ff-rahlstedt.de\/wp-content\/uploads\/2026\/01\/03-jf-1024x768.jpeg 1024w, https:\/\/www.ff-rahlstedt.de\/wp-content\/uploads\/2026\/01\/03-jf-300x225.jpeg 300w, https:\/\/www.ff-rahlstedt.de\/wp-content\/uploads\/2026\/01\/03-jf-768x576.jpeg 768w, https:\/\/www.ff-rahlstedt.de\/wp-content\/uploads\/2026\/01\/03-jf-1536x1152.jpeg 1536w, https:\/\/www.ff-rahlstedt.de\/wp-content\/uploads\/2026\/01\/03-jf.jpeg 1600w\" sizes=\"(max-width: 1024px) 100vw, 1024px\" \/><\/figure>\n<\/div>\n\n\n<p>&nbsp;&nbsp;&nbsp;&nbsp;&nbsp;&nbsp;&nbsp;&nbsp;&nbsp;&nbsp;&nbsp;&nbsp;&nbsp;&nbsp;     <strong>Ausfahrt<\/strong><\/p>\n\n\n\n<p>In diesem Jahr gab es eine Ausfahrt f\u00fcr 7 Tage nach D\u00e4nemark. Dort wurde unter anderem gemeinsam gekocht, es gab Lehrunterricht, viele spielerische Aktivit\u00e4ten und Alarmszenarien.<\/p>\n\n\n\n<figure class=\"wp-block-gallery has-nested-images columns-default is-cropped wp-block-gallery-2 is-layout-flex wp-block-gallery-is-layout-flex\">\n<figure class=\"wp-block-image size-large\"><img loading=\"lazy\" decoding=\"async\" width=\"1024\" height=\"768\" data-id=\"2544\" src=\"https:\/\/www.ff-rahlstedt.de\/wp-content\/uploads\/2026\/01\/03-jf-a-1024x768.jpeg\" alt=\"\" class=\"wp-image-2544\" srcset=\"https:\/\/www.ff-rahlstedt.de\/wp-content\/uploads\/2026\/01\/03-jf-a-1024x768.jpeg 1024w, https:\/\/www.ff-rahlstedt.de\/wp-content\/uploads\/2026\/01\/03-jf-a-300x225.jpeg 300w, https:\/\/www.ff-rahlstedt.de\/wp-content\/uploads\/2026\/01\/03-jf-a-768x576.jpeg 768w, https:\/\/www.ff-rahlstedt.de\/wp-content\/uploads\/2026\/01\/03-jf-a-1536x1152.jpeg 1536w, https:\/\/www.ff-rahlstedt.de\/wp-content\/uploads\/2026\/01\/03-jf-a.jpeg 1600w\" sizes=\"(max-width: 1024px) 100vw, 1024px\" \/><\/figure>\n\n\n\n<figure class=\"wp-block-image size-large\"><img loading=\"lazy\" decoding=\"async\" width=\"1024\" height=\"709\" data-id=\"2543\" src=\"https:\/\/www.ff-rahlstedt.de\/wp-content\/uploads\/2026\/01\/03-jf-a2-1024x709.jpeg\" alt=\"\" class=\"wp-image-2543\" srcset=\"https:\/\/www.ff-rahlstedt.de\/wp-content\/uploads\/2026\/01\/03-jf-a2-1024x709.jpeg 1024w, https:\/\/www.ff-rahlstedt.de\/wp-content\/uploads\/2026\/01\/03-jf-a2-300x208.jpeg 300w, https:\/\/www.ff-rahlstedt.de\/wp-content\/uploads\/2026\/01\/03-jf-a2-768x532.jpeg 768w, https:\/\/www.ff-rahlstedt.de\/wp-content\/uploads\/2026\/01\/03-jf-a2-1536x1064.jpeg 1536w, https:\/\/www.ff-rahlstedt.de\/wp-content\/uploads\/2026\/01\/03-jf-a2.jpeg 1600w\" sizes=\"(max-width: 1024px) 100vw, 1024px\" \/><\/figure>\n<\/figure>\n\n\n\n<p>&nbsp;&nbsp;&nbsp;&nbsp;&nbsp;&nbsp;&nbsp;&nbsp;&nbsp;&nbsp;&nbsp;&nbsp;&nbsp;&nbsp; FF: <strong>Jahreshauptversammlung<\/strong><\/p>\n\n\n\n<p><strong>April:<\/strong><\/p>\n\n\n\n<p>&nbsp;&nbsp;&nbsp;&nbsp;&nbsp;&nbsp;&nbsp;&nbsp;&nbsp;&nbsp;&nbsp;&nbsp;&nbsp;&nbsp; JF: <strong>Nachtwanderung<\/strong><\/p>\n\n\n\n<p>Bei der j\u00e4hrlichen Nachtwanderung gibt es viele Stationen, wo Fachwissen, Allgemeinwissen oder Geschicklichkeit gefordert ist. Dort belegte unsere Jugendfeuerwehr den 2. Platz.<\/p>\n\n\n<div class=\"wp-block-image\">\n<figure class=\"aligncenter size-large is-resized\"><img loading=\"lazy\" decoding=\"async\" width=\"1024\" height=\"703\" src=\"https:\/\/www.ff-rahlstedt.de\/wp-content\/uploads\/2026\/01\/04-jf-1024x703.jpeg\" alt=\"\" class=\"wp-image-2545\" style=\"width:453px;height:auto\" srcset=\"https:\/\/www.ff-rahlstedt.de\/wp-content\/uploads\/2026\/01\/04-jf-1024x703.jpeg 1024w, https:\/\/www.ff-rahlstedt.de\/wp-content\/uploads\/2026\/01\/04-jf-300x206.jpeg 300w, https:\/\/www.ff-rahlstedt.de\/wp-content\/uploads\/2026\/01\/04-jf-768x527.jpeg 768w, https:\/\/www.ff-rahlstedt.de\/wp-content\/uploads\/2026\/01\/04-jf-1536x1054.jpeg 1536w, https:\/\/www.ff-rahlstedt.de\/wp-content\/uploads\/2026\/01\/04-jf.jpeg 1600w\" sizes=\"(max-width: 1024px) 100vw, 1024px\" \/><\/figure>\n<\/div>\n\n\n<p><strong>Mai:<\/strong><\/p>\n\n\n\n<p>&nbsp;&nbsp;&nbsp;&nbsp;&nbsp;&nbsp;&nbsp;&nbsp;&nbsp;&nbsp;&nbsp;&nbsp;&nbsp;&nbsp; MF: <strong>Gr\u00fcndung der Minifeuerwehr Rahlstedt<\/strong><\/p>\n\n\n\n<p>Bereits zuvor hatte die Einsatzabteilung in einem Wehrbeschluss der Gr\u00fcndung zugestimmt \u2013 die FF Rahlstedt steht also voll hinter dem Vorhaben!<br>Nach diesem wichtigen Grundstein wurden&nbsp;Dominique Meyberg&nbsp;als Leiterin und&nbsp;Jill-Sonja Meyer&nbsp;als stellvertretende Leiterin der Minifeuerwehr kommissarisch eingesetzt. Damit war der Weg f\u00fcr unsere j\u00fcngsten Feuerwehrmitglieder geebnet.<\/p>\n\n\n\n<p>                      <strong>Erste Zusammenkunft<\/strong><\/p>\n\n\n\n<p>Nur wenige Tage sp\u00e4ter traf sich die neue Minifeuerwehr zum ersten Mal.<br>Die Kinder konnten sich gegenseitig kennenlernen, spielerisch Vertrauen fassen und nat\u00fcrlich auch ein L\u00f6schfahrzeug bestaunen!<br>Anfangs noch etwas sch\u00fcchtern, tauten die Minis schnell auf; ein perfekter Start in viele spannende Zusammenk\u00fcnfte.<\/p>\n\n\n<div class=\"wp-block-image\">\n<figure class=\"aligncenter size-full is-resized\"><img loading=\"lazy\" decoding=\"async\" width=\"556\" height=\"458\" src=\"https:\/\/www.ff-rahlstedt.de\/wp-content\/uploads\/2026\/01\/05-mf-1.jpg\" alt=\"\" class=\"wp-image-2589\" style=\"width:430px;height:auto\" srcset=\"https:\/\/www.ff-rahlstedt.de\/wp-content\/uploads\/2026\/01\/05-mf-1.jpg 556w, https:\/\/www.ff-rahlstedt.de\/wp-content\/uploads\/2026\/01\/05-mf-1-300x247.jpg 300w\" sizes=\"(max-width: 556px) 100vw, 556px\" \/><\/figure>\n<\/div>\n\n\n<p>                FF: <strong>Einsatz 77<\/strong><\/p>\n\n\n\n<p> Wir wurden mit Voralarm alarmiert (Einsatzstichwort ALARM), welches dann auf der Anfahrt zur Einsatzstelle, in FEUVEG1 ge\u00e4ndert wurde (Feuer, Vegetationsbrand 1). Vor Ort war bei der Erkundung noch ein Feuerschein sichtbar, welcher jedoch schnell erlosch. Nichtsdestotrotz haben wir eine Brandbek\u00e4mpfung mit einem C-Rohr eingeleitet und mit einer W\u00e4rmebildkamera anschlie\u00dfend die Temperatur kontrolliert und Glutnester gesucht. Dabei wurden wir von der Libelle (Hubschrauber der Bundespolizei) aus der Luft unterst\u00fctzt.<\/p>\n\n\n\n<figure class=\"wp-block-gallery has-nested-images columns-default is-cropped wp-block-gallery-3 is-layout-flex wp-block-gallery-is-layout-flex\">\n<figure class=\"wp-block-image size-large\"><img loading=\"lazy\" decoding=\"async\" width=\"1024\" height=\"768\" data-id=\"2548\" src=\"https:\/\/www.ff-rahlstedt.de\/wp-content\/uploads\/2026\/01\/05-ff-2-1024x768.jpeg\" alt=\"\" class=\"wp-image-2548\" srcset=\"https:\/\/www.ff-rahlstedt.de\/wp-content\/uploads\/2026\/01\/05-ff-2-1024x768.jpeg 1024w, https:\/\/www.ff-rahlstedt.de\/wp-content\/uploads\/2026\/01\/05-ff-2-300x225.jpeg 300w, https:\/\/www.ff-rahlstedt.de\/wp-content\/uploads\/2026\/01\/05-ff-2-768x576.jpeg 768w, https:\/\/www.ff-rahlstedt.de\/wp-content\/uploads\/2026\/01\/05-ff-2-1536x1152.jpeg 1536w, https:\/\/www.ff-rahlstedt.de\/wp-content\/uploads\/2026\/01\/05-ff-2-2048x1536.jpeg 2048w\" sizes=\"(max-width: 1024px) 100vw, 1024px\" \/><\/figure>\n\n\n\n<figure class=\"wp-block-image size-large\"><img loading=\"lazy\" decoding=\"async\" width=\"1024\" height=\"768\" data-id=\"2547\" src=\"https:\/\/www.ff-rahlstedt.de\/wp-content\/uploads\/2026\/01\/05-ff-1024x768.jpeg\" alt=\"\" class=\"wp-image-2547\" srcset=\"https:\/\/www.ff-rahlstedt.de\/wp-content\/uploads\/2026\/01\/05-ff-1024x768.jpeg 1024w, https:\/\/www.ff-rahlstedt.de\/wp-content\/uploads\/2026\/01\/05-ff-300x225.jpeg 300w, https:\/\/www.ff-rahlstedt.de\/wp-content\/uploads\/2026\/01\/05-ff-768x576.jpeg 768w, https:\/\/www.ff-rahlstedt.de\/wp-content\/uploads\/2026\/01\/05-ff-1536x1152.jpeg 1536w, https:\/\/www.ff-rahlstedt.de\/wp-content\/uploads\/2026\/01\/05-ff-2048x1536.jpeg 2048w\" sizes=\"(max-width: 1024px) 100vw, 1024px\" \/><\/figure>\n<\/figure>\n\n\n\n<p><\/p>\n\n\n\n<p><strong>Juni:<\/strong><\/p>\n\n\n\n<p>&nbsp;&nbsp;&nbsp;&nbsp;&nbsp;&nbsp;&nbsp;&nbsp;&nbsp;&nbsp;&nbsp;&nbsp;&nbsp;&nbsp; JF: <strong>Leistungsspange<\/strong><\/p>\n\n\n\n<p>Unsere Jugendfeuerwehr durfte ihr Leistungsabzeichen absolvieren, bei der Allgemein- und Fachwissen abgefragt wird. Zus\u00e4tzlich mussten sie einige praktische Aufgaben in einem vorgegebenen zeitlichen Rahmen bew\u00e4ltigen.<\/p>\n\n\n\n<p>&nbsp;&nbsp;&nbsp;&nbsp;&nbsp;&nbsp;&nbsp;&nbsp;&nbsp;&nbsp;&nbsp;&nbsp;&nbsp;&nbsp; FF: <strong>Besichtigung des Kampfmittelr\u00e4umdienstes<\/strong><\/p>\n\n\n\n<p>Wir durften an einem Dienstabend den Kampfmittelr\u00e4umdienst besuchen, viele Fragen stellen und ihr Gel\u00e4nde besichtigen.<\/p>\n\n\n\n<p><strong>Juli:<\/strong><\/p>\n\n\n\n<p>JF\/FF: Wir haben mit der FF und JF eine Zusammenkunft gehabt. In mehreren Spielen ist die JF gegen die Einsatzabteilung der FF angetreten. Spiele waren unter anderem, wer schneller und richtig bestimmte Knoten bindet, Saugleitung kuppelt und einbindet und Leinenzielwerfen. Von 9 Spielen hat die JF 2 gewonnen.<\/p>\n\n\n\n<figure class=\"wp-block-gallery has-nested-images columns-default is-cropped wp-block-gallery-4 is-layout-flex wp-block-gallery-is-layout-flex\">\n<figure class=\"wp-block-image size-large\"><img loading=\"lazy\" decoding=\"async\" width=\"1024\" height=\"683\" data-id=\"2549\" src=\"https:\/\/www.ff-rahlstedt.de\/wp-content\/uploads\/2026\/01\/07-ff-jf-1024x683.jpeg\" alt=\"\" class=\"wp-image-2549\" srcset=\"https:\/\/www.ff-rahlstedt.de\/wp-content\/uploads\/2026\/01\/07-ff-jf-1024x683.jpeg 1024w, https:\/\/www.ff-rahlstedt.de\/wp-content\/uploads\/2026\/01\/07-ff-jf-300x200.jpeg 300w, https:\/\/www.ff-rahlstedt.de\/wp-content\/uploads\/2026\/01\/07-ff-jf-768x512.jpeg 768w, https:\/\/www.ff-rahlstedt.de\/wp-content\/uploads\/2026\/01\/07-ff-jf-1536x1024.jpeg 1536w, https:\/\/www.ff-rahlstedt.de\/wp-content\/uploads\/2026\/01\/07-ff-jf-360x240.jpeg 360w, https:\/\/www.ff-rahlstedt.de\/wp-content\/uploads\/2026\/01\/07-ff-jf.jpeg 1680w\" sizes=\"(max-width: 1024px) 100vw, 1024px\" \/><\/figure>\n\n\n\n<figure class=\"wp-block-image size-large\"><img loading=\"lazy\" decoding=\"async\" width=\"1024\" height=\"683\" data-id=\"2550\" src=\"https:\/\/www.ff-rahlstedt.de\/wp-content\/uploads\/2026\/01\/07-jf-ff-1024x683.jpeg\" alt=\"\" class=\"wp-image-2550\" srcset=\"https:\/\/www.ff-rahlstedt.de\/wp-content\/uploads\/2026\/01\/07-jf-ff-1024x683.jpeg 1024w, https:\/\/www.ff-rahlstedt.de\/wp-content\/uploads\/2026\/01\/07-jf-ff-300x200.jpeg 300w, https:\/\/www.ff-rahlstedt.de\/wp-content\/uploads\/2026\/01\/07-jf-ff-768x512.jpeg 768w, https:\/\/www.ff-rahlstedt.de\/wp-content\/uploads\/2026\/01\/07-jf-ff-1536x1024.jpeg 1536w, https:\/\/www.ff-rahlstedt.de\/wp-content\/uploads\/2026\/01\/07-jf-ff-360x240.jpeg 360w, https:\/\/www.ff-rahlstedt.de\/wp-content\/uploads\/2026\/01\/07-jf-ff.jpeg 1680w\" sizes=\"(max-width: 1024px) 100vw, 1024px\" \/><\/figure>\n<\/figure>\n\n\n\n<p><\/p>\n\n\n\n<p><strong>August:<\/strong><\/p>\n\n\n\n<p>&nbsp;&nbsp;&nbsp;&nbsp;&nbsp;&nbsp;&nbsp;&nbsp;&nbsp;&nbsp;&nbsp;&nbsp;&nbsp;&nbsp; &nbsp;JF: <strong>Neue T-Shirts<\/strong><\/p>\n\n\n\n<p>Anl\u00e4sslich des CTIF (sp\u00e4ter beschrieben) hat unsere Jugendfeuerwehr neue einheitliche T-Shirts bekommen.<\/p>\n\n\n<div class=\"wp-block-image\">\n<figure class=\"aligncenter size-large is-resized\"><img loading=\"lazy\" decoding=\"async\" width=\"1024\" height=\"576\" src=\"https:\/\/www.ff-rahlstedt.de\/wp-content\/uploads\/2026\/01\/08-jf-1024x576.jpeg\" alt=\"\" class=\"wp-image-2551\" style=\"width:482px;height:auto\" srcset=\"https:\/\/www.ff-rahlstedt.de\/wp-content\/uploads\/2026\/01\/08-jf-1024x576.jpeg 1024w, https:\/\/www.ff-rahlstedt.de\/wp-content\/uploads\/2026\/01\/08-jf-300x169.jpeg 300w, https:\/\/www.ff-rahlstedt.de\/wp-content\/uploads\/2026\/01\/08-jf-768x432.jpeg 768w, https:\/\/www.ff-rahlstedt.de\/wp-content\/uploads\/2026\/01\/08-jf-1536x864.jpeg 1536w, https:\/\/www.ff-rahlstedt.de\/wp-content\/uploads\/2026\/01\/08-jf.jpeg 1600w\" sizes=\"(max-width: 1024px) 100vw, 1024px\" \/><\/figure>\n<\/div>\n\n\n<p>                FF: <strong>Neues HLF<\/strong><\/p>\n\n\n\n<p>Nach langem Warten durften wir endlich unser neues HLF (Hamburger L\u00f6schfahrzeug) in Empfang nehmen und uns von unserem alten ersten LF verabschieden. Unser WFV hat das HLF entgegengenommen.<\/p>\n\n\n<div class=\"wp-block-image\">\n<figure class=\"aligncenter size-large is-resized\"><img loading=\"lazy\" decoding=\"async\" width=\"1024\" height=\"860\" src=\"https:\/\/www.ff-rahlstedt.de\/wp-content\/uploads\/2026\/01\/08-ff-hlf-1-1024x860.jpeg\" alt=\"\" class=\"wp-image-2553\" style=\"width:456px;height:auto\" srcset=\"https:\/\/www.ff-rahlstedt.de\/wp-content\/uploads\/2026\/01\/08-ff-hlf-1-1024x860.jpeg 1024w, https:\/\/www.ff-rahlstedt.de\/wp-content\/uploads\/2026\/01\/08-ff-hlf-1-300x252.jpeg 300w, https:\/\/www.ff-rahlstedt.de\/wp-content\/uploads\/2026\/01\/08-ff-hlf-1-768x645.jpeg 768w, https:\/\/www.ff-rahlstedt.de\/wp-content\/uploads\/2026\/01\/08-ff-hlf-1-1536x1290.jpeg 1536w, https:\/\/www.ff-rahlstedt.de\/wp-content\/uploads\/2026\/01\/08-ff-hlf-1-2048x1720.jpeg 2048w\" sizes=\"(max-width: 1024px) 100vw, 1024px\" \/><figcaption class=\"wp-element-caption\">links: Alexander Wronski (FF-Stab Technik und Logistik, rechts: Christian Beushausen (Wehrf\u00fchrervertreter)<\/figcaption><\/figure>\n<\/div>\n\n\n<p>                    <strong>EINSATZ 124<\/strong>: <\/p>\n\n\n\n<p>Um 04:51 Uhr wurden wir mit einem Voralarm mit der Berufsfeuerwehr Wandsbek zu einem Kellerbrand alarmiert. Der Kellerraum brannte in voller Ausdehnung. Das Feuer wurde durch die Berufsfeuerwehr gel\u00f6scht, w\u00e4hrend wir die Menschenrettung \u00fcber das Treppenhaus mit Fluchthauben durchgef\u00fchrt haben. Danach wurden wir f\u00fcr die Nachl\u00f6scharbeiten eingesetzt.<\/p>\n\n\n<div class=\"wp-block-image\">\n<figure class=\"aligncenter size-large is-resized\"><img loading=\"lazy\" decoding=\"async\" width=\"1024\" height=\"683\" src=\"https:\/\/www.ff-rahlstedt.de\/wp-content\/uploads\/2026\/01\/08-ff-1024x683.jpeg\" alt=\"\" class=\"wp-image-2554\" style=\"width:525px;height:auto\" srcset=\"https:\/\/www.ff-rahlstedt.de\/wp-content\/uploads\/2026\/01\/08-ff-1024x683.jpeg 1024w, https:\/\/www.ff-rahlstedt.de\/wp-content\/uploads\/2026\/01\/08-ff-300x200.jpeg 300w, https:\/\/www.ff-rahlstedt.de\/wp-content\/uploads\/2026\/01\/08-ff-768x512.jpeg 768w, https:\/\/www.ff-rahlstedt.de\/wp-content\/uploads\/2026\/01\/08-ff-1536x1024.jpeg 1536w, https:\/\/www.ff-rahlstedt.de\/wp-content\/uploads\/2026\/01\/08-ff-360x240.jpeg 360w, https:\/\/www.ff-rahlstedt.de\/wp-content\/uploads\/2026\/01\/08-ff.jpeg 1620w\" sizes=\"(max-width: 1024px) 100vw, 1024px\" \/><\/figure>\n<\/div>\n\n\n<p>                    <strong>EINSATZ 132\/133<\/strong>:<\/p>\n\n\n\n<p>Um kurz nach 4 Uhr wurden wir mit einem Voralarm zu einem Brand alarmiert. Diesmal handelte es sich um ein Geb\u00e4ude eines ehemaligen Gewerbebetriebes. Als wir eingetroffen sind, brannte der Dachstuhl bereits in voller Ausdehnung. Zusammen mit der Berufsfeuerwehr und anderen Freiwilligen Feuerwehren haben wir den L\u00f6schangriff durchgef\u00fchrt, zum Schutz der Nachbargeb\u00e4ude. Sp\u00e4ter kam das THW hinzu und hat den Dachstuhl abgetragen. Der Einsatz wurde im Laufe des Vormittags abgeschlossen.<\/p>\n\n\n\n<figure class=\"wp-block-gallery has-nested-images columns-default is-cropped wp-block-gallery-5 is-layout-flex wp-block-gallery-is-layout-flex\">\n<figure class=\"wp-block-image size-large\"><img loading=\"lazy\" decoding=\"async\" width=\"1024\" height=\"768\" data-id=\"2555\" src=\"https:\/\/www.ff-rahlstedt.de\/wp-content\/uploads\/2026\/01\/08-ff-2-1024x768.jpeg\" alt=\"\" class=\"wp-image-2555\" srcset=\"https:\/\/www.ff-rahlstedt.de\/wp-content\/uploads\/2026\/01\/08-ff-2-1024x768.jpeg 1024w, https:\/\/www.ff-rahlstedt.de\/wp-content\/uploads\/2026\/01\/08-ff-2-300x225.jpeg 300w, https:\/\/www.ff-rahlstedt.de\/wp-content\/uploads\/2026\/01\/08-ff-2-768x576.jpeg 768w, https:\/\/www.ff-rahlstedt.de\/wp-content\/uploads\/2026\/01\/08-ff-2-1536x1152.jpeg 1536w, https:\/\/www.ff-rahlstedt.de\/wp-content\/uploads\/2026\/01\/08-ff-2.jpeg 1600w\" sizes=\"(max-width: 1024px) 100vw, 1024px\" \/><\/figure>\n\n\n\n<figure class=\"wp-block-image size-large\"><img loading=\"lazy\" decoding=\"async\" width=\"1024\" height=\"768\" data-id=\"2556\" src=\"https:\/\/www.ff-rahlstedt.de\/wp-content\/uploads\/2026\/01\/08-FF-3-1024x768.jpeg\" alt=\"\" class=\"wp-image-2556\" srcset=\"https:\/\/www.ff-rahlstedt.de\/wp-content\/uploads\/2026\/01\/08-FF-3-1024x768.jpeg 1024w, https:\/\/www.ff-rahlstedt.de\/wp-content\/uploads\/2026\/01\/08-FF-3-300x225.jpeg 300w, https:\/\/www.ff-rahlstedt.de\/wp-content\/uploads\/2026\/01\/08-FF-3-768x576.jpeg 768w, https:\/\/www.ff-rahlstedt.de\/wp-content\/uploads\/2026\/01\/08-FF-3-1536x1152.jpeg 1536w, https:\/\/www.ff-rahlstedt.de\/wp-content\/uploads\/2026\/01\/08-FF-3.jpeg 1600w\" sizes=\"(max-width: 1024px) 100vw, 1024px\" \/><\/figure>\n<\/figure>\n\n\n\n<p><\/p>\n\n\n\n<p><strong>September:<\/strong><\/p>\n\n\n\n<p>&nbsp;&nbsp;&nbsp;&nbsp;&nbsp;&nbsp;&nbsp;&nbsp;&nbsp;&nbsp;&nbsp;&nbsp;&nbsp;&nbsp; MF: <strong>Offizielle Gr\u00fcndungsfeier<\/strong><\/p>\n\n\n\n<p>Im September fand die offizielle Gr\u00fcndungsfeier statt. \u00dcber&nbsp;150 G\u00e4ste&nbsp;\u2013 darunter Vertreterinnen und Vertreter der Feuerwehrf\u00fchrung, der Politik, der Polizei und aus dem Stadtteil Rahlstedt \u2013 nahmen an der Feier teil. Ein Tag voller Stolz, Freude und Gemeinschaft, der uns lange in Erinnerung bleiben wird.<\/p>\n\n\n<div class=\"wp-block-image\">\n<figure class=\"aligncenter size-full\"><img loading=\"lazy\" decoding=\"async\" width=\"475\" height=\"261\" src=\"https:\/\/www.ff-rahlstedt.de\/wp-content\/uploads\/2026\/01\/09-mf.jpg\" alt=\"\" class=\"wp-image-2557\" srcset=\"https:\/\/www.ff-rahlstedt.de\/wp-content\/uploads\/2026\/01\/09-mf.jpg 475w, https:\/\/www.ff-rahlstedt.de\/wp-content\/uploads\/2026\/01\/09-mf-300x165.jpg 300w\" sizes=\"(max-width: 475px) 100vw, 475px\" \/><\/figure>\n<\/div>\n\n\n<p>               JF: <strong>Teilnahme am CTIF-Wettkampf<\/strong> (internationaler Leistungs- und Hindernislauf f\u00fcr Jugendfeuerwehren, der vom CTIF (Comit\u00e9 Technique International de pr\u00e9vention et d&#8217;extinction du Feu)) organisiert wird. Der Wettbewerb besteht aus zwei Disziplinen: einem Staffellauf mit Hindernissen und einer Feuerwehr-Hindernis\u00fcbung, bei denen sowohl Ausdauer als auch Geschicklichkeit gefragt sind. Zus\u00e4tzlich gibt es noch einen Kreativ-Wettbewerb \u201eWe\u2018re CreACTive\u201c 2025. Bei dem Kreativ-Wettbewerb belegte unsere JF den 2. Platz und bei dem CTIF insgesamt den 17. Platz von 27 Teilnehmenden Jugendfeuerwehren.<\/p>\n\n\n<div class=\"wp-block-image\">\n<figure class=\"aligncenter size-large is-resized\"><img loading=\"lazy\" decoding=\"async\" width=\"1024\" height=\"1024\" src=\"https:\/\/www.ff-rahlstedt.de\/wp-content\/uploads\/2026\/01\/09-jf-6-1024x1024.jpeg\" alt=\"\" class=\"wp-image-2569\" style=\"width:383px;height:auto\" srcset=\"https:\/\/www.ff-rahlstedt.de\/wp-content\/uploads\/2026\/01\/09-jf-6-1024x1024.jpeg 1024w, https:\/\/www.ff-rahlstedt.de\/wp-content\/uploads\/2026\/01\/09-jf-6-300x300.jpeg 300w, https:\/\/www.ff-rahlstedt.de\/wp-content\/uploads\/2026\/01\/09-jf-6-150x150.jpeg 150w, https:\/\/www.ff-rahlstedt.de\/wp-content\/uploads\/2026\/01\/09-jf-6-768x768.jpeg 768w, https:\/\/www.ff-rahlstedt.de\/wp-content\/uploads\/2026\/01\/09-jf-6-1536x1536.jpeg 1536w, https:\/\/www.ff-rahlstedt.de\/wp-content\/uploads\/2026\/01\/09-jf-6.jpeg 1600w\" sizes=\"(max-width: 1024px) 100vw, 1024px\" \/><\/figure>\n<\/div>\n\n<div class=\"wp-block-image\">\n<figure class=\"aligncenter size-large is-resized\"><img loading=\"lazy\" decoding=\"async\" width=\"576\" height=\"1024\" src=\"https:\/\/www.ff-rahlstedt.de\/wp-content\/uploads\/2026\/01\/09-jf-3-4-576x1024.jpeg\" alt=\"\" class=\"wp-image-2571\" style=\"width:325px;height:auto\" srcset=\"https:\/\/www.ff-rahlstedt.de\/wp-content\/uploads\/2026\/01\/09-jf-3-4-576x1024.jpeg 576w, https:\/\/www.ff-rahlstedt.de\/wp-content\/uploads\/2026\/01\/09-jf-3-4-169x300.jpeg 169w, https:\/\/www.ff-rahlstedt.de\/wp-content\/uploads\/2026\/01\/09-jf-3-4-768x1365.jpeg 768w, https:\/\/www.ff-rahlstedt.de\/wp-content\/uploads\/2026\/01\/09-jf-3-4-864x1536.jpeg 864w, https:\/\/www.ff-rahlstedt.de\/wp-content\/uploads\/2026\/01\/09-jf-3-4.jpeg 900w\" sizes=\"(max-width: 576px) 100vw, 576px\" \/><figcaption class=\"wp-element-caption\">&#8222;We`re CreACTive&#8220;<\/figcaption><\/figure>\n<\/div>\n\n<div class=\"wp-block-image\">\n<figure class=\"aligncenter size-large is-resized\"><img loading=\"lazy\" decoding=\"async\" width=\"1024\" height=\"808\" src=\"https:\/\/www.ff-rahlstedt.de\/wp-content\/uploads\/2026\/01\/09-jf-2-2-1024x808.jpeg\" alt=\"\" class=\"wp-image-2572\" style=\"width:470px;height:auto\" srcset=\"https:\/\/www.ff-rahlstedt.de\/wp-content\/uploads\/2026\/01\/09-jf-2-2-1024x808.jpeg 1024w, https:\/\/www.ff-rahlstedt.de\/wp-content\/uploads\/2026\/01\/09-jf-2-2-300x237.jpeg 300w, https:\/\/www.ff-rahlstedt.de\/wp-content\/uploads\/2026\/01\/09-jf-2-2-768x606.jpeg 768w, https:\/\/www.ff-rahlstedt.de\/wp-content\/uploads\/2026\/01\/09-jf-2-2-1536x1212.jpeg 1536w, https:\/\/www.ff-rahlstedt.de\/wp-content\/uploads\/2026\/01\/09-jf-2-2.jpeg 1600w\" sizes=\"(max-width: 1024px) 100vw, 1024px\" \/><\/figure>\n<\/div>\n\n\n<p><\/p>\n\n\n\n<p>    <strong>August-Ernst-Pokal<\/strong><\/p>\n\n\n\n<p>Bei dem diesj\u00e4hrigen August-Ernst-Pokal ergatterte unsere Jugendfeuerwehr den 1. Platz.<\/p>\n\n\n<div class=\"wp-block-image\">\n<figure class=\"aligncenter size-large is-resized\"><img loading=\"lazy\" decoding=\"async\" width=\"1024\" height=\"1024\" src=\"https:\/\/www.ff-rahlstedt.de\/wp-content\/uploads\/2026\/01\/09-jf-aep-1024x1024.jpeg\" alt=\"\" class=\"wp-image-2561\" style=\"width:466px;height:auto\" srcset=\"https:\/\/www.ff-rahlstedt.de\/wp-content\/uploads\/2026\/01\/09-jf-aep-1024x1024.jpeg 1024w, https:\/\/www.ff-rahlstedt.de\/wp-content\/uploads\/2026\/01\/09-jf-aep-300x300.jpeg 300w, https:\/\/www.ff-rahlstedt.de\/wp-content\/uploads\/2026\/01\/09-jf-aep-150x150.jpeg 150w, https:\/\/www.ff-rahlstedt.de\/wp-content\/uploads\/2026\/01\/09-jf-aep-768x768.jpeg 768w, https:\/\/www.ff-rahlstedt.de\/wp-content\/uploads\/2026\/01\/09-jf-aep-1536x1536.jpeg 1536w, https:\/\/www.ff-rahlstedt.de\/wp-content\/uploads\/2026\/01\/09-jf-aep.jpeg 1600w\" sizes=\"(max-width: 1024px) 100vw, 1024px\" \/><\/figure>\n<\/div>\n\n\n<p><\/p>\n\n\n\n<p><strong>Oktober<\/strong>:<\/p>\n\n\n\n<p>&nbsp;&nbsp;&nbsp;&nbsp;&nbsp;&nbsp;&nbsp;&nbsp;&nbsp;&nbsp;&nbsp;&nbsp;&nbsp;&nbsp; MF\/JF: <strong>Zusammenkunft<\/strong><\/p>\n\n\n\n<p>Im Herbst stand eine gemeinsame Zusammenkunft mit der Jugendfeuerwehr und der Minifeuerwehr auf dem Programm. Beim&nbsp;Basteln von Laternen&nbsp;arbeiteten immer ein Kind der Minifeuerwehr und ein Jugendfeuerwehrmitglied im Team \u2013 eine tolle Gelegenheit, voneinander zu lernen und den Zusammenhalt zwischen den Gruppen zu st\u00e4rken.<\/p>\n\n\n<div class=\"wp-block-image\">\n<figure class=\"aligncenter size-full is-resized\"><img loading=\"lazy\" decoding=\"async\" width=\"442\" height=\"375\" src=\"https:\/\/www.ff-rahlstedt.de\/wp-content\/uploads\/2026\/01\/10-mf.jpg\" alt=\"\" class=\"wp-image-2573\" style=\"width:369px;height:auto\" srcset=\"https:\/\/www.ff-rahlstedt.de\/wp-content\/uploads\/2026\/01\/10-mf.jpg 442w, https:\/\/www.ff-rahlstedt.de\/wp-content\/uploads\/2026\/01\/10-mf-300x255.jpg 300w\" sizes=\"(max-width: 442px) 100vw, 442px\" \/><\/figure>\n<\/div>\n\n\n<p>FF: Die Wahl eines neuen Wehrf\u00fchrers hat stattgefunden, nachdem unser bisheriger Wehrf\u00fchrer Leander Grasteit sein Amt nach mehr als 3 Jahren niedergelegt hat. Sein bisheriger Vertreter Christian Beushausen wurde zum neuen Wehrf\u00fchrer gew\u00e4hlt.<\/p>\n\n\n\n<p>                            <strong>EINSATZ 165<\/strong>:&nbsp; <\/p>\n\n\n\n<p>Wir wurden zur Mittagszeit zu einer technischen Hilfeleistung aufgrund einer versch\u00fctteten Person alarmiert.<\/p>\n\n\n\n<p>Vor Ort war die versch\u00fcttete Person bereits aus der Baugrube befreit worden und wurde not\u00e4rztlich versorgt. Wir unterst\u00fctzten bei der medizinischen Versorgung, bereiteten den Transport ins Krankenhaus vor und k\u00fcmmerten uns um die Augenzeugen des Ungl\u00fcckes, bis die Notfallseelsorge eintraf.<\/p>\n\n\n\n<p>                           <strong>EINSATZ 169<\/strong>:<\/p>\n\n\n\n<p>Um kurz vor 18 Uhr wurden wir mit dem Stichwort TIER alarmiert. Vor Ort war ein Esel in einem Waldst\u00fcck an einem Bachlauf im Matsch eingesunken und konnte sich von allein nicht aus der Lage befreien. Unter anderem deckten wir den umliegenden Boden ab, damit der Esel nach ein paar Schritten wieder auf festem Boden stehen konnte. Nach einiger Zeit und mehreren Versuchen gelang es uns den Esel zu befreien.<\/p>\n\n\n<div class=\"wp-block-image\">\n<figure class=\"aligncenter size-large is-resized\"><img loading=\"lazy\" decoding=\"async\" width=\"1024\" height=\"576\" src=\"https:\/\/www.ff-rahlstedt.de\/wp-content\/uploads\/2026\/01\/10-ff-1024x576.jpeg\" alt=\"\" class=\"wp-image-2574\" style=\"width:533px;height:auto\" srcset=\"https:\/\/www.ff-rahlstedt.de\/wp-content\/uploads\/2026\/01\/10-ff-1024x576.jpeg 1024w, https:\/\/www.ff-rahlstedt.de\/wp-content\/uploads\/2026\/01\/10-ff-300x169.jpeg 300w, https:\/\/www.ff-rahlstedt.de\/wp-content\/uploads\/2026\/01\/10-ff-768x432.jpeg 768w, https:\/\/www.ff-rahlstedt.de\/wp-content\/uploads\/2026\/01\/10-ff-1536x864.jpeg 1536w, https:\/\/www.ff-rahlstedt.de\/wp-content\/uploads\/2026\/01\/10-ff.jpeg 1600w\" sizes=\"(max-width: 1024px) 100vw, 1024px\" \/><\/figure>\n<\/div>\n\n\n<p><strong>November:<\/strong><\/p>\n\n\n\n<p>                     JF: <strong>Nistkastenaktion<\/strong><\/p>\n\n\n\n<p>Auch in diesem Jahr haben wir in einem Wald im Stadtteil Rahlstedt die Vogelh\u00e4user von den Nestern befreit und f\u00fcrs n\u00e4chste Jahr fertig gemacht.<\/p>\n\n\n\n<figure class=\"wp-block-gallery has-nested-images columns-default is-cropped wp-block-gallery-6 is-layout-flex wp-block-gallery-is-layout-flex\">\n<figure class=\"wp-block-image size-large\"><img loading=\"lazy\" decoding=\"async\" width=\"768\" height=\"1024\" data-id=\"2576\" src=\"https:\/\/www.ff-rahlstedt.de\/wp-content\/uploads\/2026\/01\/11-jf-2-768x1024.jpeg\" alt=\"\" class=\"wp-image-2576\" srcset=\"https:\/\/www.ff-rahlstedt.de\/wp-content\/uploads\/2026\/01\/11-jf-2-768x1024.jpeg 768w, https:\/\/www.ff-rahlstedt.de\/wp-content\/uploads\/2026\/01\/11-jf-2-225x300.jpeg 225w, https:\/\/www.ff-rahlstedt.de\/wp-content\/uploads\/2026\/01\/11-jf-2-1152x1536.jpeg 1152w, https:\/\/www.ff-rahlstedt.de\/wp-content\/uploads\/2026\/01\/11-jf-2.jpeg 1200w\" sizes=\"(max-width: 768px) 100vw, 768px\" \/><\/figure>\n\n\n\n<figure class=\"wp-block-image size-large\"><img loading=\"lazy\" decoding=\"async\" width=\"768\" height=\"1024\" data-id=\"2575\" src=\"https:\/\/www.ff-rahlstedt.de\/wp-content\/uploads\/2026\/01\/11-jf-768x1024.jpeg\" alt=\"\" class=\"wp-image-2575\" srcset=\"https:\/\/www.ff-rahlstedt.de\/wp-content\/uploads\/2026\/01\/11-jf-768x1024.jpeg 768w, https:\/\/www.ff-rahlstedt.de\/wp-content\/uploads\/2026\/01\/11-jf-225x300.jpeg 225w, https:\/\/www.ff-rahlstedt.de\/wp-content\/uploads\/2026\/01\/11-jf-1152x1536.jpeg 1152w, https:\/\/www.ff-rahlstedt.de\/wp-content\/uploads\/2026\/01\/11-jf.jpeg 1200w\" sizes=\"(max-width: 768px) 100vw, 768px\" \/><\/figure>\n<\/figure>\n\n\n\n<p>JF\/FF: Auch in diesem Jahr haben wir wieder bei einigen Laternenumz\u00fcgen gemeinsam mit unserer Jugendfeuerwehr unterst\u00fctzt und die Absicherung der Umz\u00fcge \u00fcbernommen.<\/p>\n\n\n\n<figure class=\"wp-block-gallery has-nested-images columns-default is-cropped wp-block-gallery-7 is-layout-flex wp-block-gallery-is-layout-flex\">\n<figure class=\"wp-block-image size-large\"><img loading=\"lazy\" decoding=\"async\" width=\"768\" height=\"1024\" data-id=\"2579\" src=\"https:\/\/www.ff-rahlstedt.de\/wp-content\/uploads\/2026\/01\/11-ff-3-768x1024.jpeg\" alt=\"\" class=\"wp-image-2579\" srcset=\"https:\/\/www.ff-rahlstedt.de\/wp-content\/uploads\/2026\/01\/11-ff-3-768x1024.jpeg 768w, https:\/\/www.ff-rahlstedt.de\/wp-content\/uploads\/2026\/01\/11-ff-3-225x300.jpeg 225w, https:\/\/www.ff-rahlstedt.de\/wp-content\/uploads\/2026\/01\/11-ff-3-1152x1536.jpeg 1152w, https:\/\/www.ff-rahlstedt.de\/wp-content\/uploads\/2026\/01\/11-ff-3.jpeg 1200w\" sizes=\"(max-width: 768px) 100vw, 768px\" \/><\/figure>\n\n\n\n<figure class=\"wp-block-image size-large\"><img loading=\"lazy\" decoding=\"async\" width=\"768\" height=\"1024\" data-id=\"2578\" src=\"https:\/\/www.ff-rahlstedt.de\/wp-content\/uploads\/2026\/01\/11-ff-768x1024.jpeg\" alt=\"\" class=\"wp-image-2578\" srcset=\"https:\/\/www.ff-rahlstedt.de\/wp-content\/uploads\/2026\/01\/11-ff-768x1024.jpeg 768w, https:\/\/www.ff-rahlstedt.de\/wp-content\/uploads\/2026\/01\/11-ff-225x300.jpeg 225w, https:\/\/www.ff-rahlstedt.de\/wp-content\/uploads\/2026\/01\/11-ff-1152x1536.jpeg 1152w, https:\/\/www.ff-rahlstedt.de\/wp-content\/uploads\/2026\/01\/11-ff.jpeg 1200w\" sizes=\"(max-width: 768px) 100vw, 768px\" \/><\/figure>\n\n\n\n<figure class=\"wp-block-image size-large\"><img loading=\"lazy\" decoding=\"async\" width=\"768\" height=\"1024\" data-id=\"2577\" src=\"https:\/\/www.ff-rahlstedt.de\/wp-content\/uploads\/2026\/01\/11-ff2-768x1024.jpeg\" alt=\"\" class=\"wp-image-2577\" srcset=\"https:\/\/www.ff-rahlstedt.de\/wp-content\/uploads\/2026\/01\/11-ff2-768x1024.jpeg 768w, https:\/\/www.ff-rahlstedt.de\/wp-content\/uploads\/2026\/01\/11-ff2-225x300.jpeg 225w, https:\/\/www.ff-rahlstedt.de\/wp-content\/uploads\/2026\/01\/11-ff2-1152x1536.jpeg 1152w, https:\/\/www.ff-rahlstedt.de\/wp-content\/uploads\/2026\/01\/11-ff2.jpeg 1200w\" sizes=\"(max-width: 768px) 100vw, 768px\" \/><\/figure>\n<\/figure>\n\n\n\n<p>                       <strong>EINSATZ 178\/179<\/strong>: <\/p>\n\n\n\n<p>Kurz nach halb 12 wurden wir zu einem Einsatz mit dem Stichwort THE alarmiert. Vor Ort war eine Gasleitung durch Bauarbeiten besch\u00e4digt worden, wodurch unkontrolliert Gas ausstr\u00f6mte. Wir stellten vor Ort den Brandschutz sicher. Nach Ausd\u00fcnnung der vor Ort befindlichen Kr\u00e4fte wurden wir erneut alarmiert, nachdem eine hohe Gaskonzentration in der Kanalisation festgestellt wurde.<\/p>\n\n\n\n<p><strong>Dezember:<\/strong><\/p>\n\n\n\n<p>&nbsp;&nbsp;&nbsp;&nbsp;&nbsp;&nbsp;&nbsp;&nbsp;&nbsp;&nbsp;&nbsp;&nbsp;&nbsp;&nbsp; MF: <strong>Winterm\u00e4rchen<\/strong><\/p>\n\n\n\n<p>Am 13. Dezember haben unsere Minis am Winterm\u00e4rchen der Minifeuerwehr Hamburg teilgenommen.<\/p>\n\n\n\n<p>JF: Bei der letzten Zusammenkunft in diesem Jahr hat unsere Jugendfeuerwehr das Polizeikommissariat im Bereich Rahlstedt besichtigen d\u00fcrfen.<\/p>\n\n\n<div class=\"wp-block-image\">\n<figure class=\"aligncenter size-large is-resized\"><img loading=\"lazy\" decoding=\"async\" width=\"1024\" height=\"768\" src=\"https:\/\/www.ff-rahlstedt.de\/wp-content\/uploads\/2026\/01\/12-jf-1024x768.jpeg\" alt=\"\" class=\"wp-image-2580\" style=\"width:468px;height:auto\" srcset=\"https:\/\/www.ff-rahlstedt.de\/wp-content\/uploads\/2026\/01\/12-jf-1024x768.jpeg 1024w, https:\/\/www.ff-rahlstedt.de\/wp-content\/uploads\/2026\/01\/12-jf-300x225.jpeg 300w, https:\/\/www.ff-rahlstedt.de\/wp-content\/uploads\/2026\/01\/12-jf-768x576.jpeg 768w, https:\/\/www.ff-rahlstedt.de\/wp-content\/uploads\/2026\/01\/12-jf-1536x1152.jpeg 1536w, https:\/\/www.ff-rahlstedt.de\/wp-content\/uploads\/2026\/01\/12-jf.jpeg 1600w\" sizes=\"(max-width: 1024px) 100vw, 1024px\" \/><\/figure>\n<\/div>\n\n\n<p>JF\/FF: Unser allj\u00e4hrlicher Tannenbaumverkauf fand dieses Jahr wie immer am 3. Advent statt. Dort haben wir Tannenb\u00e4ume, hei\u00dfe und kalte Getr\u00e4nke, sowie Waffeln und Erbsensuppe verkauft.<\/p>\n\n\n\n<figure class=\"wp-block-gallery has-nested-images columns-default is-cropped wp-block-gallery-8 is-layout-flex wp-block-gallery-is-layout-flex\">\n<figure class=\"wp-block-image size-large\"><img loading=\"lazy\" decoding=\"async\" width=\"1024\" height=\"768\" data-id=\"2581\" src=\"https:\/\/www.ff-rahlstedt.de\/wp-content\/uploads\/2026\/01\/12-ff-2-1024x768.jpeg\" alt=\"\" class=\"wp-image-2581\" srcset=\"https:\/\/www.ff-rahlstedt.de\/wp-content\/uploads\/2026\/01\/12-ff-2-1024x768.jpeg 1024w, https:\/\/www.ff-rahlstedt.de\/wp-content\/uploads\/2026\/01\/12-ff-2-300x225.jpeg 300w, https:\/\/www.ff-rahlstedt.de\/wp-content\/uploads\/2026\/01\/12-ff-2-768x576.jpeg 768w, https:\/\/www.ff-rahlstedt.de\/wp-content\/uploads\/2026\/01\/12-ff-2.jpeg 1200w\" sizes=\"(max-width: 1024px) 100vw, 1024px\" \/><\/figure>\n\n\n\n<figure class=\"wp-block-image size-large\"><img loading=\"lazy\" decoding=\"async\" width=\"1024\" height=\"768\" data-id=\"2582\" src=\"https:\/\/www.ff-rahlstedt.de\/wp-content\/uploads\/2026\/01\/12-ff-3-1024x768.jpeg\" alt=\"\" class=\"wp-image-2582\" srcset=\"https:\/\/www.ff-rahlstedt.de\/wp-content\/uploads\/2026\/01\/12-ff-3-1024x768.jpeg 1024w, https:\/\/www.ff-rahlstedt.de\/wp-content\/uploads\/2026\/01\/12-ff-3-300x225.jpeg 300w, https:\/\/www.ff-rahlstedt.de\/wp-content\/uploads\/2026\/01\/12-ff-3-768x576.jpeg 768w, https:\/\/www.ff-rahlstedt.de\/wp-content\/uploads\/2026\/01\/12-ff-3.jpeg 1200w\" sizes=\"(max-width: 1024px) 100vw, 1024px\" \/><\/figure>\n\n\n\n<figure class=\"wp-block-image size-large\"><img loading=\"lazy\" decoding=\"async\" width=\"1024\" height=\"768\" data-id=\"2584\" src=\"https:\/\/www.ff-rahlstedt.de\/wp-content\/uploads\/2026\/01\/12-ff-4-1024x768.jpeg\" alt=\"\" class=\"wp-image-2584\" srcset=\"https:\/\/www.ff-rahlstedt.de\/wp-content\/uploads\/2026\/01\/12-ff-4-1024x768.jpeg 1024w, https:\/\/www.ff-rahlstedt.de\/wp-content\/uploads\/2026\/01\/12-ff-4-300x225.jpeg 300w, https:\/\/www.ff-rahlstedt.de\/wp-content\/uploads\/2026\/01\/12-ff-4-768x576.jpeg 768w, https:\/\/www.ff-rahlstedt.de\/wp-content\/uploads\/2026\/01\/12-ff-4.jpeg 1200w\" sizes=\"(max-width: 1024px) 100vw, 1024px\" \/><\/figure>\n\n\n\n<figure class=\"wp-block-image size-large\"><img loading=\"lazy\" decoding=\"async\" width=\"1024\" height=\"768\" data-id=\"2583\" src=\"https:\/\/www.ff-rahlstedt.de\/wp-content\/uploads\/2026\/01\/12-ff-1024x768.jpeg\" alt=\"\" class=\"wp-image-2583\" srcset=\"https:\/\/www.ff-rahlstedt.de\/wp-content\/uploads\/2026\/01\/12-ff-1024x768.jpeg 1024w, https:\/\/www.ff-rahlstedt.de\/wp-content\/uploads\/2026\/01\/12-ff-300x225.jpeg 300w, https:\/\/www.ff-rahlstedt.de\/wp-content\/uploads\/2026\/01\/12-ff-768x576.jpeg 768w, https:\/\/www.ff-rahlstedt.de\/wp-content\/uploads\/2026\/01\/12-ff.jpeg 1200w\" sizes=\"(max-width: 1024px) 100vw, 1024px\" \/><\/figure>\n<\/figure>\n\n\n\n<p>FF: Nachdem bei der Wehrf\u00fchrerwahl im Oktober unser bisheriger Vertreter zum Wehrf\u00fchrer gew\u00e4hlt wurde, galt es diese Position neu zu besetzen. Hierbei wurde Nicolas Neumann zum Wehrf\u00fchrervertreter gew\u00e4hlt.<\/p>\n\n\n<div class=\"wp-block-image\">\n<figure class=\"aligncenter size-full is-resized\"><img loading=\"lazy\" decoding=\"async\" width=\"1024\" height=\"1024\" src=\"https:\/\/www.ff-rahlstedt.de\/wp-content\/uploads\/2026\/01\/12-ff-5.jpeg\" alt=\"\" class=\"wp-image-2585\" style=\"width:526px;height:auto\" srcset=\"https:\/\/www.ff-rahlstedt.de\/wp-content\/uploads\/2026\/01\/12-ff-5.jpeg 1024w, https:\/\/www.ff-rahlstedt.de\/wp-content\/uploads\/2026\/01\/12-ff-5-300x300.jpeg 300w, https:\/\/www.ff-rahlstedt.de\/wp-content\/uploads\/2026\/01\/12-ff-5-150x150.jpeg 150w, https:\/\/www.ff-rahlstedt.de\/wp-content\/uploads\/2026\/01\/12-ff-5-768x768.jpeg 768w\" sizes=\"(max-width: 1024px) 100vw, 1024px\" \/><figcaption class=\"wp-element-caption\">links: Sebastian Bierdel (Bereichsf\u00fchrer Wandsbek) mitte: Nicolas Neumann (Wehrf\u00fchrervertreter), rechts: Christian Beushausen (Wehrf\u00fchrer)<\/figcaption><\/figure>\n<\/div>\n\n\n<p>Zum Jahresabschluss gab es dann noch eine wehrinterne Weihnachtsfeier sowie die Wachbesetzung zu Silvester.<\/p>\n\n\n\n<p><\/p>\n","protected":false},"excerpt":{"rendered":"<p>Januar: FF: Ins neue Jahr sind wir mit 8 Eins\u00e4tzen nach 0 Uhr in der Silvesterbereitschaft gestartet. Februar: &nbsp;&nbsp;&nbsp;&nbsp;&nbsp;&nbsp;&nbsp;&nbsp;&nbsp;&nbsp;&nbsp;&nbsp;&nbsp; JF: Jahreshauptversammlung FF: Einsatz 22\/23 Alarmiert waren wir zum FEUK, vor Ort wurden wir dann w\u00e4hrend der Brandbek\u00e4mpfung durch die RLST und die vor Ort anwesende POL auf ein weiteres Feuer [&hellip;]<\/p>\n","protected":false},"author":15,"featured_media":2540,"comment_status":"closed","ping_status":"closed","sticky":false,"template":"","format":"standard","meta":{"footnotes":""},"categories":[10,12,11,88,1],"tags":[],"class_list":["post-2539","post","type-post","status-publish","format-standard","has-post-thumbnail","hentry","category-einsatzabteilung","category-foerderverein","category-jugendfeuerwehr","category-minifeuerwehr","category-neuigkeiten"],"yoast_head":"<!-- This site is optimized with the Yoast SEO plugin v26.7 - https:\/\/yoast.com\/wordpress\/plugins\/seo\/ -->\n<title>Unser Jahresr\u00fcckblick 2025 - Freiwillige Feuerwehr Rahlstedt<\/title>\n<meta name=\"description\" content=\"Unser Jahresr\u00fcckblick mit au\u00dfergew\u00f6hnlichen Eins\u00e4tzen und vielen Veranstaltungen.\" \/>\n<meta name=\"robots\" content=\"index, follow, max-snippet:-1, max-image-preview:large, max-video-preview:-1\" \/>\n<link rel=\"canonical\" href=\"https:\/\/www.ff-rahlstedt.de\/?p=2539\" \/>\n<meta property=\"og:locale\" content=\"de_DE\" \/>\n<meta property=\"og:type\" content=\"article\" \/>\n<meta property=\"og:title\" content=\"Unser Jahresr\u00fcckblick 2025 - Freiwillige Feuerwehr Rahlstedt\" \/>\n<meta property=\"og:description\" content=\"Unser Jahresr\u00fcckblick mit au\u00dfergew\u00f6hnlichen Eins\u00e4tzen und vielen Veranstaltungen.\" \/>\n<meta property=\"og:url\" content=\"https:\/\/www.ff-rahlstedt.de\/?p=2539\" \/>\n<meta property=\"og:site_name\" content=\"Freiwillige Feuerwehr Rahlstedt\" \/>\n<meta property=\"article:published_time\" content=\"2026-01-02T18:25:58+00:00\" \/>\n<meta property=\"article:modified_time\" content=\"2026-01-02T19:16:04+00:00\" \/>\n<meta property=\"og:image\" content=\"https:\/\/www.ff-rahlstedt.de\/wp-content\/uploads\/2026\/01\/02-ff-2.jpeg\" \/>\n\t<meta property=\"og:image:width\" content=\"1600\" \/>\n\t<meta property=\"og:image:height\" content=\"900\" \/>\n\t<meta property=\"og:image:type\" content=\"image\/jpeg\" \/>\n<meta name=\"author\" content=\"Daniela Schuster\" \/>\n<meta name=\"twitter:card\" content=\"summary_large_image\" \/>\n<meta name=\"twitter:label1\" content=\"Verfasst von\" \/>\n\t<meta name=\"twitter:data1\" content=\"Daniela Schuster\" \/>\n\t<meta name=\"twitter:label2\" content=\"Gesch\u00e4tzte Lesezeit\" \/>\n\t<meta name=\"twitter:data2\" content=\"14\u00a0Minuten\" \/>\n<script type=\"application\/ld+json\" class=\"yoast-schema-graph\">{\"@context\":\"https:\/\/schema.org\",\"@graph\":[{\"@type\":\"Article\",\"@id\":\"https:\/\/www.ff-rahlstedt.de\/?p=2539#article\",\"isPartOf\":{\"@id\":\"https:\/\/www.ff-rahlstedt.de\/?p=2539\"},\"author\":{\"name\":\"Daniela Schuster\",\"@id\":\"https:\/\/www.ff-rahlstedt.de\/#\/schema\/person\/bd2a103a8c17392e2dcf7fbde054d782\"},\"headline\":\"Unser Jahresr\u00fcckblick 2025\",\"datePublished\":\"2026-01-02T18:25:58+00:00\",\"dateModified\":\"2026-01-02T19:16:04+00:00\",\"mainEntityOfPage\":{\"@id\":\"https:\/\/www.ff-rahlstedt.de\/?p=2539\"},\"wordCount\":1411,\"publisher\":{\"@id\":\"https:\/\/www.ff-rahlstedt.de\/#organization\"},\"image\":{\"@id\":\"https:\/\/www.ff-rahlstedt.de\/?p=2539#primaryimage\"},\"thumbnailUrl\":\"https:\/\/www.ff-rahlstedt.de\/wp-content\/uploads\/2026\/01\/02-ff-2.jpeg\",\"articleSection\":[\"Einsatzabteilung\",\"F\u00f6rderverein\",\"Jugendfeuerwehr\",\"Minifeuerwehr\",\"Neuigkeiten\"],\"inLanguage\":\"de\"},{\"@type\":\"WebPage\",\"@id\":\"https:\/\/www.ff-rahlstedt.de\/?p=2539\",\"url\":\"https:\/\/www.ff-rahlstedt.de\/?p=2539\",\"name\":\"Unser Jahresr\u00fcckblick 2025 - Freiwillige Feuerwehr Rahlstedt\",\"isPartOf\":{\"@id\":\"https:\/\/www.ff-rahlstedt.de\/#website\"},\"primaryImageOfPage\":{\"@id\":\"https:\/\/www.ff-rahlstedt.de\/?p=2539#primaryimage\"},\"image\":{\"@id\":\"https:\/\/www.ff-rahlstedt.de\/?p=2539#primaryimage\"},\"thumbnailUrl\":\"https:\/\/www.ff-rahlstedt.de\/wp-content\/uploads\/2026\/01\/02-ff-2.jpeg\",\"datePublished\":\"2026-01-02T18:25:58+00:00\",\"dateModified\":\"2026-01-02T19:16:04+00:00\",\"description\":\"Unser Jahresr\u00fcckblick mit au\u00dfergew\u00f6hnlichen Eins\u00e4tzen und vielen Veranstaltungen.\",\"breadcrumb\":{\"@id\":\"https:\/\/www.ff-rahlstedt.de\/?p=2539#breadcrumb\"},\"inLanguage\":\"de\",\"potentialAction\":[{\"@type\":\"ReadAction\",\"target\":[\"https:\/\/www.ff-rahlstedt.de\/?p=2539\"]}]},{\"@type\":\"ImageObject\",\"inLanguage\":\"de\",\"@id\":\"https:\/\/www.ff-rahlstedt.de\/?p=2539#primaryimage\",\"url\":\"https:\/\/www.ff-rahlstedt.de\/wp-content\/uploads\/2026\/01\/02-ff-2.jpeg\",\"contentUrl\":\"https:\/\/www.ff-rahlstedt.de\/wp-content\/uploads\/2026\/01\/02-ff-2.jpeg\",\"width\":1600,\"height\":900},{\"@type\":\"BreadcrumbList\",\"@id\":\"https:\/\/www.ff-rahlstedt.de\/?p=2539#breadcrumb\",\"itemListElement\":[{\"@type\":\"ListItem\",\"position\":1,\"name\":\"Startseite\",\"item\":\"https:\/\/www.ff-rahlstedt.de\/\"},{\"@type\":\"ListItem\",\"position\":2,\"name\":\"Unser Jahresr\u00fcckblick 2025\"}]},{\"@type\":\"WebSite\",\"@id\":\"https:\/\/www.ff-rahlstedt.de\/#website\",\"url\":\"https:\/\/www.ff-rahlstedt.de\/\",\"name\":\"Freiwillige Feuerwehr Rahlstedt\",\"description\":\"\",\"publisher\":{\"@id\":\"https:\/\/www.ff-rahlstedt.de\/#organization\"},\"potentialAction\":[{\"@type\":\"SearchAction\",\"target\":{\"@type\":\"EntryPoint\",\"urlTemplate\":\"https:\/\/www.ff-rahlstedt.de\/?s={search_term_string}\"},\"query-input\":{\"@type\":\"PropertyValueSpecification\",\"valueRequired\":true,\"valueName\":\"search_term_string\"}}],\"inLanguage\":\"de\"},{\"@type\":\"Organization\",\"@id\":\"https:\/\/www.ff-rahlstedt.de\/#organization\",\"name\":\"Freiwillige Feuerwehr Rahlstedt\",\"url\":\"https:\/\/www.ff-rahlstedt.de\/\",\"logo\":{\"@type\":\"ImageObject\",\"inLanguage\":\"de\",\"@id\":\"https:\/\/www.ff-rahlstedt.de\/#\/schema\/logo\/image\/\",\"url\":\"https:\/\/www.ff-rahlstedt.de\/wp-content\/uploads\/2020\/09\/cropped-Logo-1.png\",\"contentUrl\":\"https:\/\/www.ff-rahlstedt.de\/wp-content\/uploads\/2020\/09\/cropped-Logo-1.png\",\"width\":776,\"height\":777,\"caption\":\"Freiwillige Feuerwehr Rahlstedt\"},\"image\":{\"@id\":\"https:\/\/www.ff-rahlstedt.de\/#\/schema\/logo\/image\/\"}},{\"@type\":\"Person\",\"@id\":\"https:\/\/www.ff-rahlstedt.de\/#\/schema\/person\/bd2a103a8c17392e2dcf7fbde054d782\",\"name\":\"Daniela Schuster\",\"url\":\"https:\/\/www.ff-rahlstedt.de\/?author=15\"}]}<\/script>\n<!-- \/ Yoast SEO plugin. -->","yoast_head_json":{"title":"Unser Jahresr\u00fcckblick 2025 - Freiwillige Feuerwehr Rahlstedt","description":"Unser Jahresr\u00fcckblick mit au\u00dfergew\u00f6hnlichen Eins\u00e4tzen und vielen Veranstaltungen.","robots":{"index":"index","follow":"follow","max-snippet":"max-snippet:-1","max-image-preview":"max-image-preview:large","max-video-preview":"max-video-preview:-1"},"canonical":"https:\/\/www.ff-rahlstedt.de\/?p=2539","og_locale":"de_DE","og_type":"article","og_title":"Unser Jahresr\u00fcckblick 2025 - Freiwillige Feuerwehr Rahlstedt","og_description":"Unser Jahresr\u00fcckblick mit au\u00dfergew\u00f6hnlichen Eins\u00e4tzen und vielen Veranstaltungen.","og_url":"https:\/\/www.ff-rahlstedt.de\/?p=2539","og_site_name":"Freiwillige Feuerwehr Rahlstedt","article_published_time":"2026-01-02T18:25:58+00:00","article_modified_time":"2026-01-02T19:16:04+00:00","og_image":[{"width":1600,"height":900,"url":"https:\/\/www.ff-rahlstedt.de\/wp-content\/uploads\/2026\/01\/02-ff-2.jpeg","type":"image\/jpeg"}],"author":"Daniela Schuster","twitter_card":"summary_large_image","twitter_misc":{"Verfasst von":"Daniela Schuster","Gesch\u00e4tzte Lesezeit":"14\u00a0Minuten"},"schema":{"@context":"https:\/\/schema.org","@graph":[{"@type":"Article","@id":"https:\/\/www.ff-rahlstedt.de\/?p=2539#article","isPartOf":{"@id":"https:\/\/www.ff-rahlstedt.de\/?p=2539"},"author":{"name":"Daniela Schuster","@id":"https:\/\/www.ff-rahlstedt.de\/#\/schema\/person\/bd2a103a8c17392e2dcf7fbde054d782"},"headline":"Unser Jahresr\u00fcckblick 2025","datePublished":"2026-01-02T18:25:58+00:00","dateModified":"2026-01-02T19:16:04+00:00","mainEntityOfPage":{"@id":"https:\/\/www.ff-rahlstedt.de\/?p=2539"},"wordCount":1411,"publisher":{"@id":"https:\/\/www.ff-rahlstedt.de\/#organization"},"image":{"@id":"https:\/\/www.ff-rahlstedt.de\/?p=2539#primaryimage"},"thumbnailUrl":"https:\/\/www.ff-rahlstedt.de\/wp-content\/uploads\/2026\/01\/02-ff-2.jpeg","articleSection":["Einsatzabteilung","F\u00f6rderverein","Jugendfeuerwehr","Minifeuerwehr","Neuigkeiten"],"inLanguage":"de"},{"@type":"WebPage","@id":"https:\/\/www.ff-rahlstedt.de\/?p=2539","url":"https:\/\/www.ff-rahlstedt.de\/?p=2539","name":"Unser Jahresr\u00fcckblick 2025 - Freiwillige Feuerwehr Rahlstedt","isPartOf":{"@id":"https:\/\/www.ff-rahlstedt.de\/#website"},"primaryImageOfPage":{"@id":"https:\/\/www.ff-rahlstedt.de\/?p=2539#primaryimage"},"image":{"@id":"https:\/\/www.ff-rahlstedt.de\/?p=2539#primaryimage"},"thumbnailUrl":"https:\/\/www.ff-rahlstedt.de\/wp-content\/uploads\/2026\/01\/02-ff-2.jpeg","datePublished":"2026-01-02T18:25:58+00:00","dateModified":"2026-01-02T19:16:04+00:00","description":"Unser Jahresr\u00fcckblick mit au\u00dfergew\u00f6hnlichen Eins\u00e4tzen und vielen Veranstaltungen.","breadcrumb":{"@id":"https:\/\/www.ff-rahlstedt.de\/?p=2539#breadcrumb"},"inLanguage":"de","potentialAction":[{"@type":"ReadAction","target":["https:\/\/www.ff-rahlstedt.de\/?p=2539"]}]},{"@type":"ImageObject","inLanguage":"de","@id":"https:\/\/www.ff-rahlstedt.de\/?p=2539#primaryimage","url":"https:\/\/www.ff-rahlstedt.de\/wp-content\/uploads\/2026\/01\/02-ff-2.jpeg","contentUrl":"https:\/\/www.ff-rahlstedt.de\/wp-content\/uploads\/2026\/01\/02-ff-2.jpeg","width":1600,"height":900},{"@type":"BreadcrumbList","@id":"https:\/\/www.ff-rahlstedt.de\/?p=2539#breadcrumb","itemListElement":[{"@type":"ListItem","position":1,"name":"Startseite","item":"https:\/\/www.ff-rahlstedt.de\/"},{"@type":"ListItem","position":2,"name":"Unser Jahresr\u00fcckblick 2025"}]},{"@type":"WebSite","@id":"https:\/\/www.ff-rahlstedt.de\/#website","url":"https:\/\/www.ff-rahlstedt.de\/","name":"Freiwillige Feuerwehr Rahlstedt","description":"","publisher":{"@id":"https:\/\/www.ff-rahlstedt.de\/#organization"},"potentialAction":[{"@type":"SearchAction","target":{"@type":"EntryPoint","urlTemplate":"https:\/\/www.ff-rahlstedt.de\/?s={search_term_string}"},"query-input":{"@type":"PropertyValueSpecification","valueRequired":true,"valueName":"search_term_string"}}],"inLanguage":"de"},{"@type":"Organization","@id":"https:\/\/www.ff-rahlstedt.de\/#organization","name":"Freiwillige Feuerwehr Rahlstedt","url":"https:\/\/www.ff-rahlstedt.de\/","logo":{"@type":"ImageObject","inLanguage":"de","@id":"https:\/\/www.ff-rahlstedt.de\/#\/schema\/logo\/image\/","url":"https:\/\/www.ff-rahlstedt.de\/wp-content\/uploads\/2020\/09\/cropped-Logo-1.png","contentUrl":"https:\/\/www.ff-rahlstedt.de\/wp-content\/uploads\/2020\/09\/cropped-Logo-1.png","width":776,"height":777,"caption":"Freiwillige Feuerwehr Rahlstedt"},"image":{"@id":"https:\/\/www.ff-rahlstedt.de\/#\/schema\/logo\/image\/"}},{"@type":"Person","@id":"https:\/\/www.ff-rahlstedt.de\/#\/schema\/person\/bd2a103a8c17392e2dcf7fbde054d782","name":"Daniela Schuster","url":"https:\/\/www.ff-rahlstedt.de\/?author=15"}]}},"_links":{"self":[{"href":"https:\/\/www.ff-rahlstedt.de\/index.php?rest_route=\/wp\/v2\/posts\/2539","targetHints":{"allow":["GET"]}}],"collection":[{"href":"https:\/\/www.ff-rahlstedt.de\/index.php?rest_route=\/wp\/v2\/posts"}],"about":[{"href":"https:\/\/www.ff-rahlstedt.de\/index.php?rest_route=\/wp\/v2\/types\/post"}],"author":[{"embeddable":true,"href":"https:\/\/www.ff-rahlstedt.de\/index.php?rest_route=\/wp\/v2\/users\/15"}],"replies":[{"embeddable":true,"href":"https:\/\/www.ff-rahlstedt.de\/index.php?rest_route=%2Fwp%2Fv2%2Fcomments&post=2539"}],"version-history":[{"count":5,"href":"https:\/\/www.ff-rahlstedt.de\/index.php?rest_route=\/wp\/v2\/posts\/2539\/revisions"}],"predecessor-version":[{"id":2615,"href":"https:\/\/www.ff-rahlstedt.de\/index.php?rest_route=\/wp\/v2\/posts\/2539\/revisions\/2615"}],"wp:featuredmedia":[{"embeddable":true,"href":"https:\/\/www.ff-rahlstedt.de\/index.php?rest_route=\/wp\/v2\/media\/2540"}],"wp:attachment":[{"href":"https:\/\/www.ff-rahlstedt.de\/index.php?rest_route=%2Fwp%2Fv2%2Fmedia&parent=2539"}],"wp:term":[{"taxonomy":"category","embeddable":true,"href":"https:\/\/www.ff-rahlstedt.de\/index.php?rest_route=%2Fwp%2Fv2%2Fcategories&post=2539"},{"taxonomy":"post_tag","embeddable":true,"href":"https:\/\/www.ff-rahlstedt.de\/index.php?rest_route=%2Fwp%2Fv2%2Ftags&post=2539"}],"curies":[{"name":"wp","href":"https:\/\/api.w.org\/{rel}","templated":true}]}}