{"id":2744,"date":"2026-04-27T16:48:06","date_gmt":"2026-04-27T14:48:06","guid":{"rendered":"https:\/\/www.ff-rahlstedt.de\/?p=2744"},"modified":"2026-04-27T16:48:08","modified_gmt":"2026-04-27T14:48:08","slug":"jahreshauptversammlung-2026","status":"publish","type":"post","link":"https:\/\/www.ff-rahlstedt.de\/?p=2744","title":{"rendered":"Jahreshauptversammlung 2026"},"content":{"rendered":"\n<p>Jahreshauptversammlung der Freiwilligen Feuerwehr Hamburg-Rahlstedt<\/p>\n\n\n<div class=\"wp-block-image\">\n<figure class=\"aligncenter size-large is-resized\"><img fetchpriority=\"high\" decoding=\"async\" width=\"1024\" height=\"683\" src=\"https:\/\/www.ff-rahlstedt.de\/wp-content\/uploads\/2026\/04\/WhatsApp-Image-2026-04-27-at-16.40.00-1024x683.jpeg\" alt=\"\" class=\"wp-image-2746\" style=\"width:422px;height:auto\" srcset=\"https:\/\/www.ff-rahlstedt.de\/wp-content\/uploads\/2026\/04\/WhatsApp-Image-2026-04-27-at-16.40.00-1024x683.jpeg 1024w, https:\/\/www.ff-rahlstedt.de\/wp-content\/uploads\/2026\/04\/WhatsApp-Image-2026-04-27-at-16.40.00-300x200.jpeg 300w, https:\/\/www.ff-rahlstedt.de\/wp-content\/uploads\/2026\/04\/WhatsApp-Image-2026-04-27-at-16.40.00-768x512.jpeg 768w, https:\/\/www.ff-rahlstedt.de\/wp-content\/uploads\/2026\/04\/WhatsApp-Image-2026-04-27-at-16.40.00-360x240.jpeg 360w, https:\/\/www.ff-rahlstedt.de\/wp-content\/uploads\/2026\/04\/WhatsApp-Image-2026-04-27-at-16.40.00.jpeg 1200w\" sizes=\"(max-width: 1024px) 100vw, 1024px\" \/><\/figure>\n<\/div>\n\n\n<p>Am 20. M\u00e4rz fand ab 19:00 Uhr die Jahreshauptversammlung der Freiwilligen Feuerwehr Hamburg-Rahlstedt statt.<\/p>\n\n\n\n<p>Im Rahmen der Versammlung wurde ein umfassender \u00dcberblick \u00fcber die Eins\u00e4tze, Ausbildungsdienste sowie weitere Aktivit\u00e4ten des vergangenen Jahres gegeben. Erg\u00e4nzt wurde dieser durch die Berichte des Kassenwartes, der Leitung der Jugendfeuerwehr sowie der Minifeuerwehr, die ebenfalls auf ein ereignisreiches Jahr zur\u00fcckblickten.<\/p>\n\n\n\n<p>Ein besonderer H\u00f6hepunkt des Abends waren die ausgesprochenen Bef\u00f6rderungen und Ernennungen. Die Wehrf\u00fchrung gratuliert allen bef\u00f6rderten Kameradinnen und Kameraden herzlich und bedankt sich f\u00fcr ihr Engagement und ihren Einsatz.<\/p>\n\n\n\n<figure class=\"wp-block-image size-large\"><img decoding=\"async\" width=\"1024\" height=\"683\" src=\"https:\/\/www.ff-rahlstedt.de\/wp-content\/uploads\/2026\/04\/WhatsApp-Image-2026-04-27-at-16.40.07-1024x683.jpeg\" alt=\"\" class=\"wp-image-2745\" srcset=\"https:\/\/www.ff-rahlstedt.de\/wp-content\/uploads\/2026\/04\/WhatsApp-Image-2026-04-27-at-16.40.07-1024x683.jpeg 1024w, https:\/\/www.ff-rahlstedt.de\/wp-content\/uploads\/2026\/04\/WhatsApp-Image-2026-04-27-at-16.40.07-300x200.jpeg 300w, https:\/\/www.ff-rahlstedt.de\/wp-content\/uploads\/2026\/04\/WhatsApp-Image-2026-04-27-at-16.40.07-768x512.jpeg 768w, https:\/\/www.ff-rahlstedt.de\/wp-content\/uploads\/2026\/04\/WhatsApp-Image-2026-04-27-at-16.40.07-360x240.jpeg 360w, https:\/\/www.ff-rahlstedt.de\/wp-content\/uploads\/2026\/04\/WhatsApp-Image-2026-04-27-at-16.40.07.jpeg 1200w\" sizes=\"(max-width: 1024px) 100vw, 1024px\" \/><figcaption class=\"wp-element-caption\">Bef\u00f6rderungen und Ernennungen von links nach rechts; hinten: Marcel B., Florian S., Axel G., Till S.; vorne: Sebastejan E., Jenny G., Leonard N.<\/figcaption><\/figure>\n\n\n\n<p><br><br><\/p>\n","protected":false},"excerpt":{"rendered":"<p>Jahreshauptversammlung der Freiwilligen Feuerwehr Hamburg-Rahlstedt Am 20. M\u00e4rz fand ab 19:00 Uhr die Jahreshauptversammlung der Freiwilligen Feuerwehr Hamburg-Rahlstedt statt. Im Rahmen der Versammlung wurde ein umfassender \u00dcberblick \u00fcber die Eins\u00e4tze, Ausbildungsdienste sowie weitere Aktivit\u00e4ten des vergangenen Jahres gegeben. Erg\u00e4nzt wurde dieser durch die Berichte des Kassenwartes, der Leitung der Jugendfeuerwehr [&hellip;]<\/p>\n","protected":false},"author":15,"featured_media":0,"comment_status":"closed","ping_status":"closed","sticky":false,"template":"","format":"standard","meta":{"footnotes":""},"categories":[10,1],"tags":[],"class_list":["post-2744","post","type-post","status-publish","format-standard","hentry","category-einsatzabteilung","category-neuigkeiten"],"yoast_head":"<!-- This site is optimized with the Yoast SEO plugin v26.7 - https:\/\/yoast.com\/wordpress\/plugins\/seo\/ -->\n<title>Jahreshauptversammlung 2026 - Freiwillige Feuerwehr Rahlstedt<\/title>\n<meta name=\"robots\" content=\"index, follow, max-snippet:-1, max-image-preview:large, max-video-preview:-1\" \/>\n<link rel=\"canonical\" href=\"https:\/\/www.ff-rahlstedt.de\/?p=2744\" \/>\n<meta property=\"og:locale\" content=\"de_DE\" \/>\n<meta property=\"og:type\" content=\"article\" \/>\n<meta property=\"og:title\" content=\"Jahreshauptversammlung 2026 - Freiwillige Feuerwehr Rahlstedt\" \/>\n<meta property=\"og:description\" content=\"Jahreshauptversammlung der Freiwilligen Feuerwehr Hamburg-Rahlstedt Am 20. M\u00e4rz fand ab 19:00 Uhr die Jahreshauptversammlung der Freiwilligen Feuerwehr Hamburg-Rahlstedt statt. Im Rahmen der Versammlung wurde ein umfassender \u00dcberblick \u00fcber die Eins\u00e4tze, Ausbildungsdienste sowie weitere Aktivit\u00e4ten des vergangenen Jahres gegeben. Erg\u00e4nzt wurde dieser durch die Berichte des Kassenwartes, der Leitung der Jugendfeuerwehr [&hellip;]\" \/>\n<meta property=\"og:url\" content=\"https:\/\/www.ff-rahlstedt.de\/?p=2744\" \/>\n<meta property=\"og:site_name\" content=\"Freiwillige Feuerwehr Rahlstedt\" \/>\n<meta property=\"article:published_time\" content=\"2026-04-27T14:48:06+00:00\" \/>\n<meta property=\"article:modified_time\" content=\"2026-04-27T14:48:08+00:00\" \/>\n<meta property=\"og:image\" content=\"https:\/\/www.ff-rahlstedt.de\/wp-content\/uploads\/2026\/04\/WhatsApp-Image-2026-04-27-at-16.40.00.jpeg\" \/>\n\t<meta property=\"og:image:width\" content=\"1200\" \/>\n\t<meta property=\"og:image:height\" content=\"800\" \/>\n\t<meta property=\"og:image:type\" content=\"image\/jpeg\" \/>\n<meta name=\"author\" content=\"Daniela Schuster\" \/>\n<meta name=\"twitter:card\" content=\"summary_large_image\" \/>\n<meta name=\"twitter:label1\" content=\"Verfasst von\" \/>\n\t<meta name=\"twitter:data1\" content=\"Daniela Schuster\" \/>\n\t<meta name=\"twitter:label2\" content=\"Gesch\u00e4tzte Lesezeit\" \/>\n\t<meta name=\"twitter:data2\" content=\"2\u00a0Minuten\" \/>\n<script type=\"application\/ld+json\" class=\"yoast-schema-graph\">{\"@context\":\"https:\/\/schema.org\",\"@graph\":[{\"@type\":\"Article\",\"@id\":\"https:\/\/www.ff-rahlstedt.de\/?p=2744#article\",\"isPartOf\":{\"@id\":\"https:\/\/www.ff-rahlstedt.de\/?p=2744\"},\"author\":{\"name\":\"Daniela Schuster\",\"@id\":\"https:\/\/www.ff-rahlstedt.de\/#\/schema\/person\/bd2a103a8c17392e2dcf7fbde054d782\"},\"headline\":\"Jahreshauptversammlung 2026\",\"datePublished\":\"2026-04-27T14:48:06+00:00\",\"dateModified\":\"2026-04-27T14:48:08+00:00\",\"mainEntityOfPage\":{\"@id\":\"https:\/\/www.ff-rahlstedt.de\/?p=2744\"},\"wordCount\":122,\"publisher\":{\"@id\":\"https:\/\/www.ff-rahlstedt.de\/#organization\"},\"image\":{\"@id\":\"https:\/\/www.ff-rahlstedt.de\/?p=2744#primaryimage\"},\"thumbnailUrl\":\"https:\/\/www.ff-rahlstedt.de\/wp-content\/uploads\/2026\/04\/WhatsApp-Image-2026-04-27-at-16.40.00-1024x683.jpeg\",\"articleSection\":[\"Einsatzabteilung\",\"Neuigkeiten\"],\"inLanguage\":\"de\"},{\"@type\":\"WebPage\",\"@id\":\"https:\/\/www.ff-rahlstedt.de\/?p=2744\",\"url\":\"https:\/\/www.ff-rahlstedt.de\/?p=2744\",\"name\":\"Jahreshauptversammlung 2026 - Freiwillige Feuerwehr Rahlstedt\",\"isPartOf\":{\"@id\":\"https:\/\/www.ff-rahlstedt.de\/#website\"},\"primaryImageOfPage\":{\"@id\":\"https:\/\/www.ff-rahlstedt.de\/?p=2744#primaryimage\"},\"image\":{\"@id\":\"https:\/\/www.ff-rahlstedt.de\/?p=2744#primaryimage\"},\"thumbnailUrl\":\"https:\/\/www.ff-rahlstedt.de\/wp-content\/uploads\/2026\/04\/WhatsApp-Image-2026-04-27-at-16.40.00-1024x683.jpeg\",\"datePublished\":\"2026-04-27T14:48:06+00:00\",\"dateModified\":\"2026-04-27T14:48:08+00:00\",\"breadcrumb\":{\"@id\":\"https:\/\/www.ff-rahlstedt.de\/?p=2744#breadcrumb\"},\"inLanguage\":\"de\",\"potentialAction\":[{\"@type\":\"ReadAction\",\"target\":[\"https:\/\/www.ff-rahlstedt.de\/?p=2744\"]}]},{\"@type\":\"ImageObject\",\"inLanguage\":\"de\",\"@id\":\"https:\/\/www.ff-rahlstedt.de\/?p=2744#primaryimage\",\"url\":\"https:\/\/www.ff-rahlstedt.de\/wp-content\/uploads\/2026\/04\/WhatsApp-Image-2026-04-27-at-16.40.00.jpeg\",\"contentUrl\":\"https:\/\/www.ff-rahlstedt.de\/wp-content\/uploads\/2026\/04\/WhatsApp-Image-2026-04-27-at-16.40.00.jpeg\",\"width\":1200,\"height\":800},{\"@type\":\"BreadcrumbList\",\"@id\":\"https:\/\/www.ff-rahlstedt.de\/?p=2744#breadcrumb\",\"itemListElement\":[{\"@type\":\"ListItem\",\"position\":1,\"name\":\"Startseite\",\"item\":\"https:\/\/www.ff-rahlstedt.de\/\"},{\"@type\":\"ListItem\",\"position\":2,\"name\":\"Jahreshauptversammlung 2026\"}]},{\"@type\":\"WebSite\",\"@id\":\"https:\/\/www.ff-rahlstedt.de\/#website\",\"url\":\"https:\/\/www.ff-rahlstedt.de\/\",\"name\":\"Freiwillige Feuerwehr Rahlstedt\",\"description\":\"\",\"publisher\":{\"@id\":\"https:\/\/www.ff-rahlstedt.de\/#organization\"},\"potentialAction\":[{\"@type\":\"SearchAction\",\"target\":{\"@type\":\"EntryPoint\",\"urlTemplate\":\"https:\/\/www.ff-rahlstedt.de\/?s={search_term_string}\"},\"query-input\":{\"@type\":\"PropertyValueSpecification\",\"valueRequired\":true,\"valueName\":\"search_term_string\"}}],\"inLanguage\":\"de\"},{\"@type\":\"Organization\",\"@id\":\"https:\/\/www.ff-rahlstedt.de\/#organization\",\"name\":\"Freiwillige Feuerwehr Rahlstedt\",\"url\":\"https:\/\/www.ff-rahlstedt.de\/\",\"logo\":{\"@type\":\"ImageObject\",\"inLanguage\":\"de\",\"@id\":\"https:\/\/www.ff-rahlstedt.de\/#\/schema\/logo\/image\/\",\"url\":\"https:\/\/www.ff-rahlstedt.de\/wp-content\/uploads\/2020\/09\/cropped-Logo-1.png\",\"contentUrl\":\"https:\/\/www.ff-rahlstedt.de\/wp-content\/uploads\/2020\/09\/cropped-Logo-1.png\",\"width\":776,\"height\":777,\"caption\":\"Freiwillige Feuerwehr Rahlstedt\"},\"image\":{\"@id\":\"https:\/\/www.ff-rahlstedt.de\/#\/schema\/logo\/image\/\"}},{\"@type\":\"Person\",\"@id\":\"https:\/\/www.ff-rahlstedt.de\/#\/schema\/person\/bd2a103a8c17392e2dcf7fbde054d782\",\"name\":\"Daniela Schuster\",\"url\":\"https:\/\/www.ff-rahlstedt.de\/?author=15\"}]}<\/script>\n<!-- \/ Yoast SEO plugin. -->","yoast_head_json":{"title":"Jahreshauptversammlung 2026 - Freiwillige Feuerwehr Rahlstedt","robots":{"index":"index","follow":"follow","max-snippet":"max-snippet:-1","max-image-preview":"max-image-preview:large","max-video-preview":"max-video-preview:-1"},"canonical":"https:\/\/www.ff-rahlstedt.de\/?p=2744","og_locale":"de_DE","og_type":"article","og_title":"Jahreshauptversammlung 2026 - Freiwillige Feuerwehr Rahlstedt","og_description":"Jahreshauptversammlung der Freiwilligen Feuerwehr Hamburg-Rahlstedt Am 20. M\u00e4rz fand ab 19:00 Uhr die Jahreshauptversammlung der Freiwilligen Feuerwehr Hamburg-Rahlstedt statt. Im Rahmen der Versammlung wurde ein umfassender \u00dcberblick \u00fcber die Eins\u00e4tze, Ausbildungsdienste sowie weitere Aktivit\u00e4ten des vergangenen Jahres gegeben. Erg\u00e4nzt wurde dieser durch die Berichte des Kassenwartes, der Leitung der Jugendfeuerwehr [&hellip;]","og_url":"https:\/\/www.ff-rahlstedt.de\/?p=2744","og_site_name":"Freiwillige Feuerwehr Rahlstedt","article_published_time":"2026-04-27T14:48:06+00:00","article_modified_time":"2026-04-27T14:48:08+00:00","og_image":[{"width":1200,"height":800,"url":"https:\/\/www.ff-rahlstedt.de\/wp-content\/uploads\/2026\/04\/WhatsApp-Image-2026-04-27-at-16.40.00.jpeg","type":"image\/jpeg"}],"author":"Daniela Schuster","twitter_card":"summary_large_image","twitter_misc":{"Verfasst von":"Daniela Schuster","Gesch\u00e4tzte Lesezeit":"2\u00a0Minuten"},"schema":{"@context":"https:\/\/schema.org","@graph":[{"@type":"Article","@id":"https:\/\/www.ff-rahlstedt.de\/?p=2744#article","isPartOf":{"@id":"https:\/\/www.ff-rahlstedt.de\/?p=2744"},"author":{"name":"Daniela Schuster","@id":"https:\/\/www.ff-rahlstedt.de\/#\/schema\/person\/bd2a103a8c17392e2dcf7fbde054d782"},"headline":"Jahreshauptversammlung 2026","datePublished":"2026-04-27T14:48:06+00:00","dateModified":"2026-04-27T14:48:08+00:00","mainEntityOfPage":{"@id":"https:\/\/www.ff-rahlstedt.de\/?p=2744"},"wordCount":122,"publisher":{"@id":"https:\/\/www.ff-rahlstedt.de\/#organization"},"image":{"@id":"https:\/\/www.ff-rahlstedt.de\/?p=2744#primaryimage"},"thumbnailUrl":"https:\/\/www.ff-rahlstedt.de\/wp-content\/uploads\/2026\/04\/WhatsApp-Image-2026-04-27-at-16.40.00-1024x683.jpeg","articleSection":["Einsatzabteilung","Neuigkeiten"],"inLanguage":"de"},{"@type":"WebPage","@id":"https:\/\/www.ff-rahlstedt.de\/?p=2744","url":"https:\/\/www.ff-rahlstedt.de\/?p=2744","name":"Jahreshauptversammlung 2026 - Freiwillige Feuerwehr Rahlstedt","isPartOf":{"@id":"https:\/\/www.ff-rahlstedt.de\/#website"},"primaryImageOfPage":{"@id":"https:\/\/www.ff-rahlstedt.de\/?p=2744#primaryimage"},"image":{"@id":"https:\/\/www.ff-rahlstedt.de\/?p=2744#primaryimage"},"thumbnailUrl":"https:\/\/www.ff-rahlstedt.de\/wp-content\/uploads\/2026\/04\/WhatsApp-Image-2026-04-27-at-16.40.00-1024x683.jpeg","datePublished":"2026-04-27T14:48:06+00:00","dateModified":"2026-04-27T14:48:08+00:00","breadcrumb":{"@id":"https:\/\/www.ff-rahlstedt.de\/?p=2744#breadcrumb"},"inLanguage":"de","potentialAction":[{"@type":"ReadAction","target":["https:\/\/www.ff-rahlstedt.de\/?p=2744"]}]},{"@type":"ImageObject","inLanguage":"de","@id":"https:\/\/www.ff-rahlstedt.de\/?p=2744#primaryimage","url":"https:\/\/www.ff-rahlstedt.de\/wp-content\/uploads\/2026\/04\/WhatsApp-Image-2026-04-27-at-16.40.00.jpeg","contentUrl":"https:\/\/www.ff-rahlstedt.de\/wp-content\/uploads\/2026\/04\/WhatsApp-Image-2026-04-27-at-16.40.00.jpeg","width":1200,"height":800},{"@type":"BreadcrumbList","@id":"https:\/\/www.ff-rahlstedt.de\/?p=2744#breadcrumb","itemListElement":[{"@type":"ListItem","position":1,"name":"Startseite","item":"https:\/\/www.ff-rahlstedt.de\/"},{"@type":"ListItem","position":2,"name":"Jahreshauptversammlung 2026"}]},{"@type":"WebSite","@id":"https:\/\/www.ff-rahlstedt.de\/#website","url":"https:\/\/www.ff-rahlstedt.de\/","name":"Freiwillige Feuerwehr Rahlstedt","description":"","publisher":{"@id":"https:\/\/www.ff-rahlstedt.de\/#organization"},"potentialAction":[{"@type":"SearchAction","target":{"@type":"EntryPoint","urlTemplate":"https:\/\/www.ff-rahlstedt.de\/?s={search_term_string}"},"query-input":{"@type":"PropertyValueSpecification","valueRequired":true,"valueName":"search_term_string"}}],"inLanguage":"de"},{"@type":"Organization","@id":"https:\/\/www.ff-rahlstedt.de\/#organization","name":"Freiwillige Feuerwehr Rahlstedt","url":"https:\/\/www.ff-rahlstedt.de\/","logo":{"@type":"ImageObject","inLanguage":"de","@id":"https:\/\/www.ff-rahlstedt.de\/#\/schema\/logo\/image\/","url":"https:\/\/www.ff-rahlstedt.de\/wp-content\/uploads\/2020\/09\/cropped-Logo-1.png","contentUrl":"https:\/\/www.ff-rahlstedt.de\/wp-content\/uploads\/2020\/09\/cropped-Logo-1.png","width":776,"height":777,"caption":"Freiwillige Feuerwehr Rahlstedt"},"image":{"@id":"https:\/\/www.ff-rahlstedt.de\/#\/schema\/logo\/image\/"}},{"@type":"Person","@id":"https:\/\/www.ff-rahlstedt.de\/#\/schema\/person\/bd2a103a8c17392e2dcf7fbde054d782","name":"Daniela Schuster","url":"https:\/\/www.ff-rahlstedt.de\/?author=15"}]}},"_links":{"self":[{"href":"https:\/\/www.ff-rahlstedt.de\/index.php?rest_route=\/wp\/v2\/posts\/2744","targetHints":{"allow":["GET"]}}],"collection":[{"href":"https:\/\/www.ff-rahlstedt.de\/index.php?rest_route=\/wp\/v2\/posts"}],"about":[{"href":"https:\/\/www.ff-rahlstedt.de\/index.php?rest_route=\/wp\/v2\/types\/post"}],"author":[{"embeddable":true,"href":"https:\/\/www.ff-rahlstedt.de\/index.php?rest_route=\/wp\/v2\/users\/15"}],"replies":[{"embeddable":true,"href":"https:\/\/www.ff-rahlstedt.de\/index.php?rest_route=%2Fwp%2Fv2%2Fcomments&post=2744"}],"version-history":[{"count":1,"href":"https:\/\/www.ff-rahlstedt.de\/index.php?rest_route=\/wp\/v2\/posts\/2744\/revisions"}],"predecessor-version":[{"id":2747,"href":"https:\/\/www.ff-rahlstedt.de\/index.php?rest_route=\/wp\/v2\/posts\/2744\/revisions\/2747"}],"wp:attachment":[{"href":"https:\/\/www.ff-rahlstedt.de\/index.php?rest_route=%2Fwp%2Fv2%2Fmedia&parent=2744"}],"wp:term":[{"taxonomy":"category","embeddable":true,"href":"https:\/\/www.ff-rahlstedt.de\/index.php?rest_route=%2Fwp%2Fv2%2Fcategories&post=2744"},{"taxonomy":"post_tag","embeddable":true,"href":"https:\/\/www.ff-rahlstedt.de\/index.php?rest_route=%2Fwp%2Fv2%2Ftags&post=2744"}],"curies":[{"name":"wp","href":"https:\/\/api.w.org\/{rel}","templated":true}]}}